{"id":11272,"date":"2026-04-30T15:15:03","date_gmt":"2026-04-30T18:15:03","guid":{"rendered":"https:\/\/i21.org.br\/?p=11272"},"modified":"2026-04-30T15:15:03","modified_gmt":"2026-04-30T18:15:03","slug":"para-onde-a-otan-e-a-uniao-europeia-querem-empurrar-a-europa","status":"publish","type":"post","link":"https:\/\/i21.org.br\/es\/visao-global\/para-onde-a-otan-e-a-uniao-europeia-querem-empurrar-a-europa\/","title":{"rendered":"Para onde a Otan e a Uni\u00e3o Europeia querem empurrar a Europa?"},"content":{"rendered":"<p class=\"qtranxs-available-languages-message qtranxs-available-languages-message-es\">Disculpa, pero esta entrada est\u00e1 disponible s\u00f3lo en <a href=\"https:\/\/i21.org.br\/pb\/wp-json\/wp\/v2\/posts\/11272\" class=\"qtranxs-available-language-link qtranxs-available-language-link-pb\" title=\"Portugu\u00eas do Brasil\">Portugu\u00eas do Brasil<\/a>.<\/p>","protected":false},"excerpt":{"rendered":"<p>Disculpa, pero esta entrada est\u00e1 disponible s\u00f3lo en Portugu\u00eas do Brasil.<\/p>\n","protected":false},"author":2,"featured_media":11273,"comment_status":"open","ping_status":"open","sticky":false,"template":"","format":"standard","meta":{"_exactmetrics_skip_tracking":false,"_exactmetrics_sitenote_active":false,"_exactmetrics_sitenote_note":"","_exactmetrics_sitenote_category":0,"footnotes":""},"categories":[5],"tags":[56,37,1140,98,136],"class_list":["post-11272","post","type-post","status-publish","format-standard","has-post-thumbnail","hentry","category-visao-global","tag-europa","tag-guerra","tag-imperalismo","tag-otan","tag-uniao-europeia","capa-slide-1"],"_links":{"self":[{"href":"https:\/\/i21.org.br\/es\/wp-json\/wp\/v2\/posts\/11272","targetHints":{"allow":["GET"]}}],"collection":[{"href":"https:\/\/i21.org.br\/es\/wp-json\/wp\/v2\/posts"}],"about":[{"href":"https:\/\/i21.org.br\/es\/wp-json\/wp\/v2\/types\/post"}],"author":[{"embeddable":true,"href":"https:\/\/i21.org.br\/es\/wp-json\/wp\/v2\/users\/2"}],"replies":[{"embeddable":true,"href":"https:\/\/i21.org.br\/es\/wp-json\/wp\/v2\/comments?post=11272"}],"version-history":[{"count":1,"href":"https:\/\/i21.org.br\/es\/wp-json\/wp\/v2\/posts\/11272\/revisions"}],"predecessor-version":[{"id":11274,"href":"https:\/\/i21.org.br\/es\/wp-json\/wp\/v2\/posts\/11272\/revisions\/11274"}],"wp:featuredmedia":[{"embeddable":true,"href":"https:\/\/i21.org.br\/es\/wp-json\/wp\/v2\/media\/11273"}],"wp:attachment":[{"href":"https:\/\/i21.org.br\/es\/wp-json\/wp\/v2\/media?parent=11272"}],"wp:term":[{"taxonomy":"category","embeddable":true,"href":"https:\/\/i21.org.br\/es\/wp-json\/wp\/v2\/categories?post=11272"},{"taxonomy":"post_tag","embeddable":true,"href":"https:\/\/i21.org.br\/es\/wp-json\/wp\/v2\/tags?post=11272"}],"curies":[{"name":"wp","href":"https:\/\/api.w.org\/{rel}","templated":true}]}}