{"id":15,"count":426,"description":"Mat\u00e9rias, artigos e an\u00e1lises sobre o movimento comunista internacional, sobre as articula\u00e7\u00f5es multilaterais da esquerda (Foro de S\u00e3o Paulo, Semin\u00e1rio do PT do M\u00e9xico, etc.), sobre a atividade internacional dos trabalhadores, da juventude, das mulheres, do movimento contra a discrimina\u00e7\u00e3o racial, etc.","link":"https:\/\/i21.org.br\/fr\/editoria\/luta-dos-povos\/","name":"Luta Internacional","slug":"luta-dos-povos","taxonomy":"category","parent":0,"meta":[],"_links":{"self":[{"href":"https:\/\/i21.org.br\/fr\/wp-json\/wp\/v2\/categories\/15","targetHints":{"allow":["GET"]}}],"collection":[{"href":"https:\/\/i21.org.br\/fr\/wp-json\/wp\/v2\/categories"}],"about":[{"href":"https:\/\/i21.org.br\/fr\/wp-json\/wp\/v2\/taxonomies\/category"}],"wp:post_type":[{"href":"https:\/\/i21.org.br\/fr\/wp-json\/wp\/v2\/posts?categories=15"}],"curies":[{"name":"wp","href":"https:\/\/api.w.org\/{rel}","templated":true}]}}