{"id":10578,"date":"2024-12-02T18:57:04","date_gmt":"2024-12-02T21:57:04","guid":{"rendered":"https:\/\/i21.org.br\/?p=10578"},"modified":"2025-04-15T18:40:00","modified_gmt":"2025-04-15T21:40:00","slug":"siria-sobre-ataque-terrorista-plano-sionista-para-espalhar-o-caos","status":"publish","type":"post","link":"https:\/\/i21.org.br\/fr\/luta-dos-povos\/siria-sobre-ataque-terrorista-plano-sionista-para-espalhar-o-caos\/","title":{"rendered":"S\u00edria sobre ataque terrorista: \u201cplano sionista para espalhar o caos\u201d"},"content":{"rendered":"<p class=\"qtranxs-available-languages-message qtranxs-available-languages-message-fr\">D\u00e9sol\u00e9, cet article est seulement disponible en <a href=\"https:\/\/i21.org.br\/pb\/wp-json\/wp\/v2\/posts\/10578\" class=\"qtranxs-available-language-link qtranxs-available-language-link-pb\" title=\"Portugu\u00eas do Brasil\">Portugu\u00eas do Brasil<\/a>.<\/p>","protected":false},"excerpt":{"rendered":"<p>D\u00e9sol\u00e9, cet article est seulement disponible en Portugu\u00eas do Brasil.<\/p>\n","protected":false},"author":2,"featured_media":10579,"comment_status":"open","ping_status":"open","sticky":false,"template":"","format":"standard","meta":{"_exactmetrics_skip_tracking":false,"_exactmetrics_sitenote_active":false,"_exactmetrics_sitenote_note":"","_exactmetrics_sitenote_category":0,"footnotes":""},"categories":[15],"tags":[],"class_list":["post-10578","post","type-post","status-publish","format-standard","has-post-thumbnail","hentry","category-luta-dos-povos","capa-outros-5"],"_links":{"self":[{"href":"https:\/\/i21.org.br\/fr\/wp-json\/wp\/v2\/posts\/10578","targetHints":{"allow":["GET"]}}],"collection":[{"href":"https:\/\/i21.org.br\/fr\/wp-json\/wp\/v2\/posts"}],"about":[{"href":"https:\/\/i21.org.br\/fr\/wp-json\/wp\/v2\/types\/post"}],"author":[{"embeddable":true,"href":"https:\/\/i21.org.br\/fr\/wp-json\/wp\/v2\/users\/2"}],"replies":[{"embeddable":true,"href":"https:\/\/i21.org.br\/fr\/wp-json\/wp\/v2\/comments?post=10578"}],"version-history":[{"count":2,"href":"https:\/\/i21.org.br\/fr\/wp-json\/wp\/v2\/posts\/10578\/revisions"}],"predecessor-version":[{"id":10581,"href":"https:\/\/i21.org.br\/fr\/wp-json\/wp\/v2\/posts\/10578\/revisions\/10581"}],"wp:featuredmedia":[{"embeddable":true,"href":"https:\/\/i21.org.br\/fr\/wp-json\/wp\/v2\/media\/10579"}],"wp:attachment":[{"href":"https:\/\/i21.org.br\/fr\/wp-json\/wp\/v2\/media?parent=10578"}],"wp:term":[{"taxonomy":"category","embeddable":true,"href":"https:\/\/i21.org.br\/fr\/wp-json\/wp\/v2\/categories?post=10578"},{"taxonomy":"post_tag","embeddable":true,"href":"https:\/\/i21.org.br\/fr\/wp-json\/wp\/v2\/tags?post=10578"}],"curies":[{"name":"wp","href":"https:\/\/api.w.org\/{rel}","templated":true}]}}